{"id":418,"date":"2023-07-15T10:22:00","date_gmt":"2023-07-15T08:22:00","guid":{"rendered":"https:\/\/lemasdesrochers.fr\/?p=418"},"modified":"2023-09-09T10:30:52","modified_gmt":"2023-09-09T08:30:52","slug":"medievale-de-sauve","status":"publish","type":"post","link":"https:\/\/lemasdesrochers.fr\/index.php\/2023\/07\/15\/medievale-de-sauve\/","title":{"rendered":"M\u00e9di\u00e9vale de Sauve"},"content":{"rendered":"\n<p>Depuis 2022, la f\u00eate m\u00e9di\u00e9vale de Sauve fait son grand retour. Ne manquez pas cet \u00e9v\u00e8nement festif o\u00f9 tout le village se transforme et fait un bond dans le temps. Une journ\u00e9e inoubliable au rythme des troubadours, des chevaliers et des rapaces faisant revivre le riche pass\u00e9 historique du village.<\/p>\n\n\n\n<p>Plus de d\u00e9tails sur le site officiel <a rel=\"noreferrer noopener\" href=\"https:\/\/www.facebook.com\/LaMedievaleDeSauve\/\" target=\"_blank\">La M\u00e9di\u00e9vale de Sauve<\/a>.<\/p>\n\n\n\n<figure class=\"wp-block-gallery columns-3 is-cropped\"><ul class=\"blocks-gallery-grid\"><li class=\"blocks-gallery-item\"><figure><img loading=\"lazy\" width=\"1024\" height=\"768\" src=\"https:\/\/lemasdesrochers.fr\/wp-content\/uploads\/2023\/09\/IMG_7658-1024x768.jpg\" alt=\"\" data-id=\"420\" data-link=\"https:\/\/lemasdesrochers.fr\/?attachment_id=420\" class=\"wp-image-420\" srcset=\"https:\/\/lemasdesrochers.fr\/wp-content\/uploads\/2023\/09\/IMG_7658-1024x768.jpg 1024w, https:\/\/lemasdesrochers.fr\/wp-content\/uploads\/2023\/09\/IMG_7658-300x225.jpg 300w, https:\/\/lemasdesrochers.fr\/wp-content\/uploads\/2023\/09\/IMG_7658-768x576.jpg 768w, https:\/\/lemasdesrochers.fr\/wp-content\/uploads\/2023\/09\/IMG_7658-1536x1152.jpg 1536w, https:\/\/lemasdesrochers.fr\/wp-content\/uploads\/2023\/09\/IMG_7658.jpg 2016w\" sizes=\"(max-width: 767px) 89vw, (max-width: 1000px) 54vw, (max-width: 1071px) 543px, 580px\" \/><\/figure><\/li><li class=\"blocks-gallery-item\"><figure><img loading=\"lazy\" width=\"1024\" height=\"768\" src=\"https:\/\/lemasdesrochers.fr\/wp-content\/uploads\/2023\/09\/IMG_7646-1024x768.jpg\" alt=\"\" data-id=\"421\" data-link=\"https:\/\/lemasdesrochers.fr\/?attachment_id=421\" class=\"wp-image-421\" srcset=\"https:\/\/lemasdesrochers.fr\/wp-content\/uploads\/2023\/09\/IMG_7646-1024x768.jpg 1024w, https:\/\/lemasdesrochers.fr\/wp-content\/uploads\/2023\/09\/IMG_7646-300x225.jpg 300w, https:\/\/lemasdesrochers.fr\/wp-content\/uploads\/2023\/09\/IMG_7646-768x576.jpg 768w, https:\/\/lemasdesrochers.fr\/wp-content\/uploads\/2023\/09\/IMG_7646-1536x1152.jpg 1536w, https:\/\/lemasdesrochers.fr\/wp-content\/uploads\/2023\/09\/IMG_7646.jpg 2016w\" sizes=\"(max-width: 767px) 89vw, (max-width: 1000px) 54vw, (max-width: 1071px) 543px, 580px\" \/><\/figure><\/li><li class=\"blocks-gallery-item\"><figure><img loading=\"lazy\" width=\"1024\" height=\"768\" src=\"https:\/\/lemasdesrochers.fr\/wp-content\/uploads\/2023\/09\/IMG_7644-1024x768.jpg\" alt=\"\" data-id=\"422\" data-link=\"https:\/\/lemasdesrochers.fr\/?attachment_id=422\" class=\"wp-image-422\" srcset=\"https:\/\/lemasdesrochers.fr\/wp-content\/uploads\/2023\/09\/IMG_7644-1024x768.jpg 1024w, https:\/\/lemasdesrochers.fr\/wp-content\/uploads\/2023\/09\/IMG_7644-300x225.jpg 300w, https:\/\/lemasdesrochers.fr\/wp-content\/uploads\/2023\/09\/IMG_7644-768x576.jpg 768w, https:\/\/lemasdesrochers.fr\/wp-content\/uploads\/2023\/09\/IMG_7644-1536x1152.jpg 1536w, https:\/\/lemasdesrochers.fr\/wp-content\/uploads\/2023\/09\/IMG_7644.jpg 2016w\" sizes=\"(max-width: 767px) 89vw, (max-width: 1000px) 54vw, (max-width: 1071px) 543px, 580px\" \/><\/figure><\/li><li class=\"blocks-gallery-item\"><figure><img loading=\"lazy\" width=\"1024\" height=\"768\" src=\"https:\/\/lemasdesrochers.fr\/wp-content\/uploads\/2023\/09\/IMG_7655-1024x768.jpg\" alt=\"\" data-id=\"423\" data-full-url=\"https:\/\/lemasdesrochers.fr\/wp-content\/uploads\/2023\/09\/IMG_7655.jpg\" data-link=\"https:\/\/lemasdesrochers.fr\/?attachment_id=423\" class=\"wp-image-423\" srcset=\"https:\/\/lemasdesrochers.fr\/wp-content\/uploads\/2023\/09\/IMG_7655-1024x768.jpg 1024w, https:\/\/lemasdesrochers.fr\/wp-content\/uploads\/2023\/09\/IMG_7655-300x225.jpg 300w, https:\/\/lemasdesrochers.fr\/wp-content\/uploads\/2023\/09\/IMG_7655-768x576.jpg 768w, https:\/\/lemasdesrochers.fr\/wp-content\/uploads\/2023\/09\/IMG_7655-1536x1152.jpg 1536w, https:\/\/lemasdesrochers.fr\/wp-content\/uploads\/2023\/09\/IMG_7655.jpg 2016w\" sizes=\"(max-width: 767px) 89vw, (max-width: 1000px) 54vw, (max-width: 1071px) 543px, 580px\" \/><\/figure><\/li><\/ul><\/figure>\n","protected":false},"excerpt":{"rendered":"<p>Depuis 2022, la f\u00eate m\u00e9di\u00e9vale de Sauve fait son grand retour. Ne manquez pas cet \u00e9v\u00e8nement festif o\u00f9 tout le village se transforme et fait un bond dans le temps. Une journ\u00e9e inoubliable au rythme des troubadours, des chevaliers et des rapaces faisant revivre le riche pass\u00e9 historique du village. Plus de d\u00e9tails sur le &hellip; <\/p>\n<p class=\"link-more\"><a href=\"https:\/\/lemasdesrochers.fr\/index.php\/2023\/07\/15\/medievale-de-sauve\/\" class=\"more-link\">Continuer la lecture<span class=\"screen-reader-text\"> de &laquo;&nbsp;M\u00e9di\u00e9vale de Sauve&nbsp;&raquo;<\/span><\/a><\/p>\n","protected":false},"author":1,"featured_media":0,"comment_status":"closed","ping_status":"open","sticky":false,"template":"","format":"standard","meta":[],"categories":[1],"tags":[],"_links":{"self":[{"href":"https:\/\/lemasdesrochers.fr\/index.php\/wp-json\/wp\/v2\/posts\/418"}],"collection":[{"href":"https:\/\/lemasdesrochers.fr\/index.php\/wp-json\/wp\/v2\/posts"}],"about":[{"href":"https:\/\/lemasdesrochers.fr\/index.php\/wp-json\/wp\/v2\/types\/post"}],"author":[{"embeddable":true,"href":"https:\/\/lemasdesrochers.fr\/index.php\/wp-json\/wp\/v2\/users\/1"}],"replies":[{"embeddable":true,"href":"https:\/\/lemasdesrochers.fr\/index.php\/wp-json\/wp\/v2\/comments?post=418"}],"version-history":[{"count":1,"href":"https:\/\/lemasdesrochers.fr\/index.php\/wp-json\/wp\/v2\/posts\/418\/revisions"}],"predecessor-version":[{"id":424,"href":"https:\/\/lemasdesrochers.fr\/index.php\/wp-json\/wp\/v2\/posts\/418\/revisions\/424"}],"wp:attachment":[{"href":"https:\/\/lemasdesrochers.fr\/index.php\/wp-json\/wp\/v2\/media?parent=418"}],"wp:term":[{"taxonomy":"category","embeddable":true,"href":"https:\/\/lemasdesrochers.fr\/index.php\/wp-json\/wp\/v2\/categories?post=418"},{"taxonomy":"post_tag","embeddable":true,"href":"https:\/\/lemasdesrochers.fr\/index.php\/wp-json\/wp\/v2\/tags?post=418"}],"curies":[{"name":"wp","href":"https:\/\/api.w.org\/{rel}","templated":true}]}}